{"id":968,"date":"2024-03-29T18:46:57","date_gmt":"2024-03-29T18:46:57","guid":{"rendered":"https:\/\/stnr.aps.pt\/sceav\/?p=968"},"modified":"2024-04-26T10:17:19","modified_gmt":"2024-04-26T10:17:19","slug":"seminario-experiencias-de-voluntariado-e-espacos-de-cuidado","status":"publish","type":"post","link":"https:\/\/stnr.aps.pt\/sceav\/seminario-experiencias-de-voluntariado-e-espacos-de-cuidado\/","title":{"rendered":"Semin\u00e1rio: experi\u00eancias de voluntariado e espa\u00e7os de cuidado"},"content":{"rendered":"<p>A Sec\u00e7\u00e3o Tem\u00e1tica Sociedade Civil, Economias Alternativas, Voluntariado da APS, realiza o semin\u00e1rio experi\u00eancias de voluntariado e espa\u00e7os de cuidado no dia 11 de abril de 2024. Em colabora\u00e7\u00e3o com a Escola Superior de Educa\u00e7\u00e3o, do Instituto Polit\u00e9cnico de Santar\u00e9m (ESE-IPSantar\u00e9m), reunimos online para partilhar diferentes experi\u00eancias de voluntariado, enquadrando estas diferentes experi\u00eancias no conceito de cuidado.<\/p>\n<p><strong>Programa<\/strong><\/p>\n<p>14h-17h<\/p>\n<p>Apresenta\u00e7\u00e3o e modera\u00e7\u00e3o:<\/p>\n<p><strong>F\u00e1bio Rafael Augusto (ICS-ULisboa e ESE-IPSantar\u00e9m)<\/strong><\/p>\n<p>Interven\u00e7\u00e3o de volunt\u00e1rios\/as:<\/p>\n<p><strong>Susana Padilha, Pista M\u00e1gica<\/strong><\/p>\n<p class=\"cvGsUA direction-ltr align-justify para-style-body\"><span class=\"OYPEnA text-decoration-none text-strikethrough-none\">A <a href=\"https:\/\/www.pista-magica.pt\/quem-somos\/\">Pista M\u00e1gica<\/a> \u00e9 uma associa\u00e7\u00e3o sem fins lucrativos, reconhecida como <\/span><strong><span class=\"OYPEnA text-decoration-none text-strikethrough-none\">Organiza\u00e7\u00e3o N\u00e3o Governamental para o Desenvolvimento (ONGD)<\/span><\/strong><span class=\"OYPEnA text-decoration-none text-strikethrough-none\"> que acredita no vasto potencial do voluntariado e da cidadania ativa enquanto caminhos para a transforma\u00e7\u00e3o da sociedade.<\/span><\/p>\n<p><strong>Margarida Pontela, Banco de Tempo de Santa Maria da Feira<\/strong><\/p>\n<p><a href=\"https:\/\/bancodetempo.pt\/sobre\/\">Banco de Tempo<\/a> \u00e9 um sistema de organiza\u00e7\u00e3o de trocas solid\u00e1rias que promove o encontro entre a oferta e a procura de servi\u00e7os disponibilizados pelos seus membros. No Banco de Tempo troca-se tempo por tempo; todas as horas t\u00eam o mesmo valor e quem participa compromete-se a dar e a receber tempo.<\/p>\n<p><strong>Tiago Jorge e Vera Raposo, Funda\u00e7\u00e3o AJU<\/strong><\/p>\n<p><a href=\"https:\/\/fundacaoaju.com\/sobre-a-aju\/\">A Funda\u00e7\u00e3o AJU-Jer\u00f3nimo Usera<\/a> \u00e9 uma IPSS, Institui\u00e7\u00e3o Particular de Solidariedade Social, sem fins lucrativos, ao servi\u00e7o das comunidades mais vulner\u00e1veis.<\/p>\n<p><strong>Catarina Pinto, CrescerSer<\/strong><\/p>\n<p>A <a href=\"https:\/\/crescerser.org\/a-nossa-historia-apresentacao\/\">CrescerSer<\/a> \u00e9 uma Institui\u00e7\u00e3o Particular de Solidariedade Social de \u00e2mbito nacional, nascida em 1986 que\u00a0 promove, organiza e dinamiza servi\u00e7os comunit\u00e1rios de apoio \u00e0 crian\u00e7a, ao jovem e \u00e0 sociedade familiar.<\/p>\n<p><strong>Liga\u00e7\u00e3o<\/strong>:<\/p>\n<p><a href=\"https:\/\/videoconf-colibri.zoom.us\/j\/94628461979?pwd=TkNyU21PZ1J0ZzdsUEFEbVk4VlV5UT09\">https:\/\/videoconf-colibri.zoom.us\/j\/94628461979?pwd=TkNyU21PZ1J0ZzdsUEFEbVk4VlV5UT09<\/a><\/p>\n<p><strong>Organiza\u00e7\u00e3o<\/strong>:<\/p>\n<p>SCEAV<\/p>\n<p>Licenciatura em Educa\u00e7\u00e3o Social, da Escola Superior de Educa\u00e7\u00e3o, Instituto Polit\u00e9cnico de Santar\u00e9m (ESE-IPSantar\u00e9m)<\/p>\n<p><img decoding=\"async\" class=\"lazyload alignleft wp-image-969 size-fusion-600\" src=\"https:\/\/stnr.aps.pt\/sceav\/wp-content\/uploads\/sites\/31\/2024\/03\/Seminario-Experiencias-de-Voluntariado_A-600x600.jpg\" data-orig-src=\"https:\/\/stnr.aps.pt\/sceav\/wp-content\/uploads\/sites\/31\/2024\/03\/Seminario-Experiencias-de-Voluntariado_A-600x600.jpg\" alt=\"\" width=\"600\" height=\"600\" srcset=\"data:image\/svg+xml,%3Csvg%20xmlns%3D%27http%3A%2F%2Fwww.w3.org%2F2000%2Fsvg%27%20width%3D%27600%27%20height%3D%27600%27%20viewBox%3D%270%200%20600%20600%27%3E%3Crect%20width%3D%27600%27%20height%3D%27600%27%20fill-opacity%3D%220%22%2F%3E%3C%2Fsvg%3E\" data-srcset=\"https:\/\/stnr.aps.pt\/sceav\/wp-content\/uploads\/sites\/31\/2024\/03\/Seminario-Experiencias-de-Voluntariado_A-66x66.jpg 66w, https:\/\/stnr.aps.pt\/sceav\/wp-content\/uploads\/sites\/31\/2024\/03\/Seminario-Experiencias-de-Voluntariado_A-150x150.jpg 150w, https:\/\/stnr.aps.pt\/sceav\/wp-content\/uploads\/sites\/31\/2024\/03\/Seminario-Experiencias-de-Voluntariado_A-200x200.jpg 200w, https:\/\/stnr.aps.pt\/sceav\/wp-content\/uploads\/sites\/31\/2024\/03\/Seminario-Experiencias-de-Voluntariado_A-300x300.jpg 300w, https:\/\/stnr.aps.pt\/sceav\/wp-content\/uploads\/sites\/31\/2024\/03\/Seminario-Experiencias-de-Voluntariado_A-400x400.jpg 400w, https:\/\/stnr.aps.pt\/sceav\/wp-content\/uploads\/sites\/31\/2024\/03\/Seminario-Experiencias-de-Voluntariado_A-600x600.jpg 600w, https:\/\/stnr.aps.pt\/sceav\/wp-content\/uploads\/sites\/31\/2024\/03\/Seminario-Experiencias-de-Voluntariado_A-768x768.jpg 768w, https:\/\/stnr.aps.pt\/sceav\/wp-content\/uploads\/sites\/31\/2024\/03\/Seminario-Experiencias-de-Voluntariado_A-800x800.jpg 800w, https:\/\/stnr.aps.pt\/sceav\/wp-content\/uploads\/sites\/31\/2024\/03\/Seminario-Experiencias-de-Voluntariado_A-1024x1024.jpg 1024w, https:\/\/stnr.aps.pt\/sceav\/wp-content\/uploads\/sites\/31\/2024\/03\/Seminario-Experiencias-de-Voluntariado_A.jpg 1080w\" data-sizes=\"auto\" data-orig-sizes=\"(max-width: 600px) 100vw, 600px\" \/><\/p>\n","protected":false},"excerpt":{"rendered":"<p>A Sec\u00e7\u00e3o Tem\u00e1tica Sociedade Civil, Economias Alternativas, Voluntariado da APS, realiza o semin\u00e1rio experi\u00eancias de voluntariado e espa\u00e7os de cuidado no dia 11 de abril de 2024. Em colabora\u00e7\u00e3o com a Escola Superior de Educa\u00e7\u00e3o, do Instituto Polit\u00e9cnico de Santar\u00e9m (ESE-IPSantar\u00e9m), reunimos online para partilhar diferentes experi\u00eancias de voluntariado, enquadrando estas diferentes experi\u00eancias no conceito <a href=\"https:\/\/stnr.aps.pt\/sceav\/seminario-experiencias-de-voluntariado-e-espacos-de-cuidado\/\"> [&#8230;]<\/a><\/p>\n","protected":false},"author":17,"featured_media":0,"comment_status":"open","ping_status":"open","sticky":false,"template":"","format":"standard","meta":{"footnotes":""},"categories":[4],"tags":[],"class_list":["post-968","post","type-post","status-publish","format-standard","hentry","category-noticias"],"_links":{"self":[{"href":"https:\/\/stnr.aps.pt\/sceav\/wp-json\/wp\/v2\/posts\/968","targetHints":{"allow":["GET"]}}],"collection":[{"href":"https:\/\/stnr.aps.pt\/sceav\/wp-json\/wp\/v2\/posts"}],"about":[{"href":"https:\/\/stnr.aps.pt\/sceav\/wp-json\/wp\/v2\/types\/post"}],"author":[{"embeddable":true,"href":"https:\/\/stnr.aps.pt\/sceav\/wp-json\/wp\/v2\/users\/17"}],"replies":[{"embeddable":true,"href":"https:\/\/stnr.aps.pt\/sceav\/wp-json\/wp\/v2\/comments?post=968"}],"version-history":[{"count":3,"href":"https:\/\/stnr.aps.pt\/sceav\/wp-json\/wp\/v2\/posts\/968\/revisions"}],"predecessor-version":[{"id":975,"href":"https:\/\/stnr.aps.pt\/sceav\/wp-json\/wp\/v2\/posts\/968\/revisions\/975"}],"wp:attachment":[{"href":"https:\/\/stnr.aps.pt\/sceav\/wp-json\/wp\/v2\/media?parent=968"}],"wp:term":[{"taxonomy":"category","embeddable":true,"href":"https:\/\/stnr.aps.pt\/sceav\/wp-json\/wp\/v2\/categories?post=968"},{"taxonomy":"post_tag","embeddable":true,"href":"https:\/\/stnr.aps.pt\/sceav\/wp-json\/wp\/v2\/tags?post=968"}],"curies":[{"name":"wp","href":"https:\/\/api.w.org\/{rel}","templated":true}]}}