{"id":896,"date":"2023-05-29T13:32:37","date_gmt":"2023-05-29T13:32:37","guid":{"rendered":"https:\/\/stnr.aps.pt\/sceav\/?p=896"},"modified":"2023-05-29T13:35:37","modified_gmt":"2023-05-29T13:35:37","slug":"chamada-para-comunicacoes-sessao-especial-da-sceav-na-midterm-conference-esa-rn27","status":"publish","type":"post","link":"https:\/\/stnr.aps.pt\/sceav\/chamada-para-comunicacoes-sessao-especial-da-sceav-na-midterm-conference-esa-rn27\/","title":{"rendered":"Chamada para comunica\u00e7\u00f5es: Sess\u00e3o especial da SCEAV na Midterm Conference ESA-RN27"},"content":{"rendered":"<p>Em colabora\u00e7\u00e3o com a RN27 da Associa\u00e7\u00e3o Europeia de Sociologia (Southern European Societies), a SCEAV organiza uma sess\u00e3o especial sobre &#8220;Social Work and Associationism in Social Europe&#8221; na confer\u00eancia intercalar da RN, que decorrer\u00e1 de 21 a 22 de setembro de 2023, na Universidade Lus\u00f3fona &#8211; Instituto de Educa\u00e7\u00e3o, em Lisboa.<\/p>\n<p class=\"zfr3Q CDt4Ke \" dir=\"ltr\"><strong><span class=\"C9DxTc \">Deadline para envio de resumos: 30 de junho de <\/span><span class=\"C9DxTc \">2023<\/span><span class=\"C9DxTc \">\u00a0<\/span><\/strong><\/p>\n<p><a href=\"https:\/\/sites.google.com\/view\/rn27esa2023\/call-for-papers?authuser=0\">https:\/\/sites.google.com\/view\/rn27esa2023\/call-for-papers?authuser=0<\/a><\/p>\n<p>Coordenadora da sess\u00e3o especial: In\u00eas Vieira (CeiED &#8211; Centro de Estudos Interdisciplinares em Educa\u00e7\u00e3o e Desenvolvimento)<\/p>\n<p><img decoding=\"async\" class=\"lazyload alignnone wp-image-897 size-large\" src=\"https:\/\/stnr.aps.pt\/sceav\/wp-content\/uploads\/sites\/31\/2023\/05\/ESA-RN27-2023-Midterm-Conference-724x1024.jpg\" data-orig-src=\"https:\/\/stnr.aps.pt\/sceav\/wp-content\/uploads\/sites\/31\/2023\/05\/ESA-RN27-2023-Midterm-Conference-724x1024.jpg\" alt=\"\" width=\"724\" height=\"1024\" srcset=\"data:image\/svg+xml,%3Csvg%20xmlns%3D%27http%3A%2F%2Fwww.w3.org%2F2000%2Fsvg%27%20width%3D%27724%27%20height%3D%271024%27%20viewBox%3D%270%200%20724%201024%27%3E%3Crect%20width%3D%27724%27%20height%3D%271024%27%20fill-opacity%3D%220%22%2F%3E%3C%2Fsvg%3E\" data-srcset=\"https:\/\/stnr.aps.pt\/sceav\/wp-content\/uploads\/sites\/31\/2023\/05\/ESA-RN27-2023-Midterm-Conference-200x283.jpg 200w, https:\/\/stnr.aps.pt\/sceav\/wp-content\/uploads\/sites\/31\/2023\/05\/ESA-RN27-2023-Midterm-Conference-212x300.jpg 212w, https:\/\/stnr.aps.pt\/sceav\/wp-content\/uploads\/sites\/31\/2023\/05\/ESA-RN27-2023-Midterm-Conference-400x566.jpg 400w, https:\/\/stnr.aps.pt\/sceav\/wp-content\/uploads\/sites\/31\/2023\/05\/ESA-RN27-2023-Midterm-Conference-600x849.jpg 600w, https:\/\/stnr.aps.pt\/sceav\/wp-content\/uploads\/sites\/31\/2023\/05\/ESA-RN27-2023-Midterm-Conference-724x1024.jpg 724w, https:\/\/stnr.aps.pt\/sceav\/wp-content\/uploads\/sites\/31\/2023\/05\/ESA-RN27-2023-Midterm-Conference-768x1086.jpg 768w, https:\/\/stnr.aps.pt\/sceav\/wp-content\/uploads\/sites\/31\/2023\/05\/ESA-RN27-2023-Midterm-Conference-800x1132.jpg 800w, https:\/\/stnr.aps.pt\/sceav\/wp-content\/uploads\/sites\/31\/2023\/05\/ESA-RN27-2023-Midterm-Conference-1086x1536.jpg 1086w, https:\/\/stnr.aps.pt\/sceav\/wp-content\/uploads\/sites\/31\/2023\/05\/ESA-RN27-2023-Midterm-Conference-1200x1698.jpg 1200w, https:\/\/stnr.aps.pt\/sceav\/wp-content\/uploads\/sites\/31\/2023\/05\/ESA-RN27-2023-Midterm-Conference-1320x1867.jpg 1320w, https:\/\/stnr.aps.pt\/sceav\/wp-content\/uploads\/sites\/31\/2023\/05\/ESA-RN27-2023-Midterm-Conference-1448x2048.jpg 1448w, https:\/\/stnr.aps.pt\/sceav\/wp-content\/uploads\/sites\/31\/2023\/05\/ESA-RN27-2023-Midterm-Conference.jpg 1587w\" data-sizes=\"auto\" data-orig-sizes=\"(max-width: 724px) 100vw, 724px\" \/><\/p>\n<p>Mais informa\u00e7\u00f5es<\/p>\n<p><a href=\"https:\/\/sites.google.com\/view\/rn27esa2023\/home?authuser=0\">https:\/\/sites.google.com\/view\/rn27esa2023\/home?authuser=0<\/a><\/p>\n<p>&nbsp;<\/p>\n","protected":false},"excerpt":{"rendered":"<p>Em colabora\u00e7\u00e3o com a RN27 da Associa\u00e7\u00e3o Europeia de Sociologia (Southern European Societies), a SCEAV organiza uma sess\u00e3o especial sobre &#8220;Social Work and Associationism in Social Europe&#8221; na confer\u00eancia intercalar da RN, que decorrer\u00e1 de 21 a 22 de setembro de 2023, na Universidade Lus\u00f3fona &#8211; Instituto de Educa\u00e7\u00e3o, em Lisboa. Deadline para envio de <a href=\"https:\/\/stnr.aps.pt\/sceav\/chamada-para-comunicacoes-sessao-especial-da-sceav-na-midterm-conference-esa-rn27\/\"> [&#8230;]<\/a><\/p>\n","protected":false},"author":17,"featured_media":0,"comment_status":"open","ping_status":"open","sticky":false,"template":"","format":"standard","meta":{"footnotes":""},"categories":[4],"tags":[],"class_list":["post-896","post","type-post","status-publish","format-standard","hentry","category-noticias"],"_links":{"self":[{"href":"https:\/\/stnr.aps.pt\/sceav\/wp-json\/wp\/v2\/posts\/896","targetHints":{"allow":["GET"]}}],"collection":[{"href":"https:\/\/stnr.aps.pt\/sceav\/wp-json\/wp\/v2\/posts"}],"about":[{"href":"https:\/\/stnr.aps.pt\/sceav\/wp-json\/wp\/v2\/types\/post"}],"author":[{"embeddable":true,"href":"https:\/\/stnr.aps.pt\/sceav\/wp-json\/wp\/v2\/users\/17"}],"replies":[{"embeddable":true,"href":"https:\/\/stnr.aps.pt\/sceav\/wp-json\/wp\/v2\/comments?post=896"}],"version-history":[{"count":2,"href":"https:\/\/stnr.aps.pt\/sceav\/wp-json\/wp\/v2\/posts\/896\/revisions"}],"predecessor-version":[{"id":899,"href":"https:\/\/stnr.aps.pt\/sceav\/wp-json\/wp\/v2\/posts\/896\/revisions\/899"}],"wp:attachment":[{"href":"https:\/\/stnr.aps.pt\/sceav\/wp-json\/wp\/v2\/media?parent=896"}],"wp:term":[{"taxonomy":"category","embeddable":true,"href":"https:\/\/stnr.aps.pt\/sceav\/wp-json\/wp\/v2\/categories?post=896"},{"taxonomy":"post_tag","embeddable":true,"href":"https:\/\/stnr.aps.pt\/sceav\/wp-json\/wp\/v2\/tags?post=896"}],"curies":[{"name":"wp","href":"https:\/\/api.w.org\/{rel}","templated":true}]}}