{"id":884,"date":"2023-01-12T18:13:47","date_gmt":"2023-01-12T18:13:47","guid":{"rendered":"https:\/\/stnr.aps.pt\/classes-desigualdades-politicas-publicas\/?p=884"},"modified":"2023-01-12T18:16:19","modified_gmt":"2023-01-12T18:16:19","slug":"xx-isa-world-congress-of-sociology","status":"publish","type":"post","link":"https:\/\/stnr.aps.pt\/classes-desigualdades-politicas-publicas\/xx-isa-world-congress-of-sociology\/","title":{"rendered":"XX ISA World Congress of Sociology"},"content":{"rendered":"<p>O XX Congresso Internacional de Sociologia ir\u00e1 realizar-se entre os dias 25 de junho e 1 de julho de 2023 em Melbourne na Austr\u00e1lia.<\/p>\n<p>O Congresso ter\u00e1 como tema &#8220;O Ressurgimento do Autoritarismo: A Sociologia dos Novos Conflitos de Religi\u00f5es, Pol\u00edtica e Economia&#8221;.<\/p>\n<p>Poder\u00e1 registar-se at\u00e9 ao dia 22 de mar\u00e7o de 2023.<\/p>\n<p>Saiba mais sobre o XX Congresso Internacional de Sociologia <strong><a href=\"https:\/\/www.isa-sociology.org\/en\/conferences\/world-congress\/melbourne-2023\">aqui<\/a><\/strong><\/p>\n","protected":false},"excerpt":{"rendered":"<p>O XX Congresso Internacional de Sociologia ir\u00e1 realizar-se entre os dias 25 de junho e 1 de julho de 2023 em Melbourne na Austr\u00e1lia. O Congresso ter\u00e1 como tema &#8220;O Ressurgimento do Autoritarismo: A Sociologia dos Novos Conflitos de Religi\u00f5es, Pol\u00edtica e Economia&#8221;. Poder\u00e1 registar-se at\u00e9 ao dia 22 de mar\u00e7o de 2023. Saiba mais <a href=\"https:\/\/stnr.aps.pt\/classes-desigualdades-politicas-publicas\/xx-isa-world-congress-of-sociology\/\"> [&#8230;]<\/a><\/p>\n","protected":false},"author":8,"featured_media":886,"comment_status":"open","ping_status":"open","sticky":false,"template":"","format":"standard","meta":{"footnotes":""},"categories":[4],"tags":[],"class_list":["post-884","post","type-post","status-publish","format-standard","has-post-thumbnail","hentry","category-noticias"],"_links":{"self":[{"href":"https:\/\/stnr.aps.pt\/classes-desigualdades-politicas-publicas\/wp-json\/wp\/v2\/posts\/884","targetHints":{"allow":["GET"]}}],"collection":[{"href":"https:\/\/stnr.aps.pt\/classes-desigualdades-politicas-publicas\/wp-json\/wp\/v2\/posts"}],"about":[{"href":"https:\/\/stnr.aps.pt\/classes-desigualdades-politicas-publicas\/wp-json\/wp\/v2\/types\/post"}],"author":[{"embeddable":true,"href":"https:\/\/stnr.aps.pt\/classes-desigualdades-politicas-publicas\/wp-json\/wp\/v2\/users\/8"}],"replies":[{"embeddable":true,"href":"https:\/\/stnr.aps.pt\/classes-desigualdades-politicas-publicas\/wp-json\/wp\/v2\/comments?post=884"}],"version-history":[{"count":3,"href":"https:\/\/stnr.aps.pt\/classes-desigualdades-politicas-publicas\/wp-json\/wp\/v2\/posts\/884\/revisions"}],"predecessor-version":[{"id":888,"href":"https:\/\/stnr.aps.pt\/classes-desigualdades-politicas-publicas\/wp-json\/wp\/v2\/posts\/884\/revisions\/888"}],"wp:featuredmedia":[{"embeddable":true,"href":"https:\/\/stnr.aps.pt\/classes-desigualdades-politicas-publicas\/wp-json\/wp\/v2\/media\/886"}],"wp:attachment":[{"href":"https:\/\/stnr.aps.pt\/classes-desigualdades-politicas-publicas\/wp-json\/wp\/v2\/media?parent=884"}],"wp:term":[{"taxonomy":"category","embeddable":true,"href":"https:\/\/stnr.aps.pt\/classes-desigualdades-politicas-publicas\/wp-json\/wp\/v2\/categories?post=884"},{"taxonomy":"post_tag","embeddable":true,"href":"https:\/\/stnr.aps.pt\/classes-desigualdades-politicas-publicas\/wp-json\/wp\/v2\/tags?post=884"}],"curies":[{"name":"wp","href":"https:\/\/api.w.org\/{rel}","templated":true}]}}